{"id":2799,"date":"2023-10-24T09:49:03","date_gmt":"2023-10-24T07:49:03","guid":{"rendered":"https:\/\/www.news-kontor.de\/?p=2799"},"modified":"2023-10-24T09:49:03","modified_gmt":"2023-10-24T07:49:03","slug":"newskontor-uebernimmt-strategische-kommunikation-bei-der-kompass-group-agroker-xtb","status":"publish","type":"post","link":"https:\/\/www.news-kontor.de\/en\/newskontor-uebernimmt-strategische-kommunikation-bei-der-kompass-group-agroker-xtb\/","title":{"rendered":"newskontor \u00fcbernimmt strategische Kommunikation bei der Kompass Group AGroker XTB"},"content":{"rendered":"<p><strong><em>D\u00fcsseldorfer Kommunikationsagentur ber\u00e4t das Karlsruher Insurtech in allen PR-Fragen.<\/em><\/strong><\/p>\n<p style=\"font-weight: 400;\">D\u00fcsseldorf, 02.10.2023 \u2013 Die Kommunikationsagentur newskontor unterst\u00fctzt und ber\u00e4t ab sofort das Karlsruher Insurtech <a href=\"https:\/\/kompassgroup.de\">Kompass Group AG<\/a> in allen strategischen PR-Fragen. \u201eDie Kompass Group hat das Potenzial, mit ihrem innovativen Gesch\u00e4ftsmodell und ihrem dynamischen Team, die deutsche Versicherungsbranche nachhaltig zu ver\u00e4ndern\u201c, sagt Franz von den Driesch, Gesch\u00e4ftsf\u00fchrer bei newskontor, und f\u00fcgt hinzu: \u201eWir freuen uns daher sehr, die Kompass Group auf ihrem Weg kommunikativ zu begleiten. Unser Ziel ist es, offensiv nach au\u00dfen zu tragen, was die Kompass Group AG bereits besitzt \u2013 eine starke Stellung im gesamten Versicherungsberater-Markt\u201c.<\/p>\n<p style=\"font-weight: 400;\">Die Kompass Group ist eine noch recht junge, aber schnell wachsende Holding, deren Grundstein CEO Matthias Schmidt im Jahr 2020 legte. Das Unternehmen kauft, digitalisiert und skaliert Finanzdienstleistungsunternehmen \u2013 der Fokus liegt dabei auf Versicherungsbest\u00e4nden. \u00dcber die eigene Deal-Plattform bringt die Kompass Group K\u00e4ufer und Verk\u00e4ufer von Finanzdienstleistern zusammen, bietet Beratern eine digitale Infrastruktur, vermittelt Vertriebs-Wissen und unterst\u00fctzt K\u00e4ufer zudem bei der Finanzierung. Die Unternehmensgruppe tritt auch selbst als K\u00e4ufer auf: Zuletzt verfolgte die Kompass Group einen aggressiven Wachstumskurs und betreut inzwischen mehr als 70.000 Kunden. Im September 2023 schloss das Unternehmen eine Seed-Finanzierung \u00fcber f\u00fcnf Millionen Euro erfolgreich ab.<\/p>\n<p style=\"font-weight: 400;\">newskontor wird die Kompass Group ab sofort umfassend in allen Kommunikationsfragen \u2013 von der Betreuung und Beratung \u00fcber Content-Erstellung und dem Pitchen der Themen in den relevanten Zielmedien bis hin zum Ausbau der Social-Media-Aktivit\u00e4ten \u2013 beraten und unterst\u00fctzen. Zugleich wird eine \u201eThought Leadership\u201c-Position in Bereichen wie \u201eNachfolgeregelung\u201c und \u201eBerater-Weiterbildung\u201c sowie \u201eZukunft der Versicherungsbranche\u201c aufgebaut. Weiterhin erschlie\u00dft newskontor durch PR-Aktivit\u00e4ten breitere Zielgruppen auf Branchen- und Investorenseite und gibt Impulse f\u00fcr das Employer Branding. \u201eWir sind sehr gl\u00fccklich, mit newskontor eine erfahrene, kreative und zugleich \u00e4u\u00dferst agile Kommunikationsagentur gefunden zu haben, die entscheidend dazu beitragen wird, unsere Sichtbarkeit bei den relevanten Zielgruppen signifikant zu erh\u00f6hen\u201c, so Matthias Schmidt, CEO der Kompass Group AG.<\/p>\n<p style=\"font-weight: 400;\">newskontor z\u00e4hlt in den Bereichen Wirtschaft und Finanzen zu den f\u00fchrenden Kommunikationsagenturen im deutschsprachigen Raum und baut mit dem Mandat der Kompass Group AG seine Kompetenzen in der Finanz- und Versicherungsbranche weiter aus. Zu den Kunden von newskontor geh\u00f6ren unter anderem renommierte Fintechs wie <a href=\"https:\/\/www.xtb.com\/de\">XTB<\/a> und <a href=\"https:\/\/www.justtrade.com\">Justtrade<\/a>, Verm\u00f6gensverwalter wie <a href=\"https:\/\/www.do-investment.de\">Do Investment<\/a> und die <a href=\"https:\/\/www.laureus-ag.de\">Laureus AG Privat Finanz<\/a> oder Banken wie die <a href=\"https:\/\/www.quirinprivatbank.de\">Quirin Privatbank AG<\/a>.<\/p>","protected":false},"excerpt":{"rendered":"<p>D\u00fcsseldorfer Kommunikationsagentur ber\u00e4t das Karlsruher Insurtech in allen PR-Fragen. D\u00fcsseldorf, 02.10.2023 \u2013 Die Kommunikationsagentur newskontor unterst\u00fctzt und ber\u00e4t ab sofort das Karlsruher Insurtech Kompass Group AG in allen strategischen PR-Fragen. \u201eDie Kompass Group hat das Potenzial, mit ihrem innovativen Gesch\u00e4ftsmodell und ihrem dynamischen Team, die deutsche Versicherungsbranche nachhaltig zu ver\u00e4ndern\u201c, sagt Franz von den Driesch,&hellip;<\/p>","protected":false},"author":9,"featured_media":2800,"comment_status":"closed","ping_status":"closed","sticky":false,"template":"","format":"standard","meta":{"footnotes":""},"categories":[1,30],"tags":[],"class_list":["post-2799","post","type-post","status-publish","format-standard","has-post-thumbnail","hentry","category-allgemein","category-news"],"yoast_head":"<!-- This site is optimized with the Yoast SEO plugin v25.9 - https:\/\/yoast.com\/wordpress\/plugins\/seo\/ -->\n<title>newskontor \u00fcbernimmt strategische Kommunikation bei der Kompass Group AGroker XTB - Newskontor<\/title>\n<meta name=\"robots\" content=\"index, follow, max-snippet:-1, max-image-preview:large, max-video-preview:-1\" \/>\n<link rel=\"canonical\" href=\"https:\/\/www.news-kontor.de\/en\/newskontor-uebernimmt-strategische-kommunikation-bei-der-kompass-group-agroker-xtb\/\" \/>\n<meta property=\"og:locale\" content=\"en_GB\" \/>\n<meta property=\"og:type\" content=\"article\" \/>\n<meta property=\"og:title\" content=\"newskontor \u00fcbernimmt strategische Kommunikation bei der Kompass Group AGroker XTB - Newskontor\" \/>\n<meta property=\"og:description\" content=\"D\u00fcsseldorfer Kommunikationsagentur ber\u00e4t das Karlsruher Insurtech in allen PR-Fragen. D\u00fcsseldorf, 02.10.2023 \u2013 Die Kommunikationsagentur newskontor unterst\u00fctzt und ber\u00e4t ab sofort das Karlsruher Insurtech Kompass Group AG in allen strategischen PR-Fragen. \u201eDie Kompass Group hat das Potenzial, mit ihrem innovativen Gesch\u00e4ftsmodell und ihrem dynamischen Team, die deutsche Versicherungsbranche nachhaltig zu ver\u00e4ndern\u201c, sagt Franz von den Driesch,&hellip;\" \/>\n<meta property=\"og:url\" content=\"https:\/\/www.news-kontor.de\/en\/newskontor-uebernimmt-strategische-kommunikation-bei-der-kompass-group-agroker-xtb\/\" \/>\n<meta property=\"og:site_name\" content=\"Newskontor\" \/>\n<meta property=\"article:published_time\" content=\"2023-10-24T07:49:03+00:00\" \/>\n<meta property=\"og:image\" content=\"https:\/\/www.news-kontor.de\/wp-content\/uploads\/2023\/10\/KompassGroup_1600x900px.jpg\" \/>\n\t<meta property=\"og:image:width\" content=\"1600\" \/>\n\t<meta property=\"og:image:height\" content=\"900\" \/>\n\t<meta property=\"og:image:type\" content=\"image\/jpeg\" \/>\n<meta name=\"author\" content=\"Caro Erzberger\" \/>\n<meta name=\"twitter:card\" content=\"summary_large_image\" \/>\n<meta name=\"twitter:label1\" content=\"Written by\" \/>\n\t<meta name=\"twitter:data1\" content=\"Caro Erzberger\" \/>\n\t<meta name=\"twitter:label2\" content=\"Estimated reading time\" \/>\n\t<meta name=\"twitter:data2\" content=\"2 minutes\" \/>\n<script type=\"application\/ld+json\" class=\"yoast-schema-graph\">{\"@context\":\"https:\/\/schema.org\",\"@graph\":[{\"@type\":\"WebPage\",\"@id\":\"https:\/\/www.news-kontor.de\/newskontor-uebernimmt-strategische-kommunikation-bei-der-kompass-group-agroker-xtb\/\",\"url\":\"https:\/\/www.news-kontor.de\/newskontor-uebernimmt-strategische-kommunikation-bei-der-kompass-group-agroker-xtb\/\",\"name\":\"newskontor \u00fcbernimmt strategische Kommunikation bei der Kompass Group AGroker XTB - Newskontor\",\"isPartOf\":{\"@id\":\"https:\/\/www.news-kontor.de\/#website\"},\"primaryImageOfPage\":{\"@id\":\"https:\/\/www.news-kontor.de\/newskontor-uebernimmt-strategische-kommunikation-bei-der-kompass-group-agroker-xtb\/#primaryimage\"},\"image\":{\"@id\":\"https:\/\/www.news-kontor.de\/newskontor-uebernimmt-strategische-kommunikation-bei-der-kompass-group-agroker-xtb\/#primaryimage\"},\"thumbnailUrl\":\"https:\/\/www.news-kontor.de\/wp-content\/uploads\/2023\/10\/KompassGroup_1600x900px.jpg\",\"datePublished\":\"2023-10-24T07:49:03+00:00\",\"author\":{\"@id\":\"https:\/\/www.news-kontor.de\/#\/schema\/person\/9f6e2e2623fa936b1112880ef16eccd5\"},\"breadcrumb\":{\"@id\":\"https:\/\/www.news-kontor.de\/newskontor-uebernimmt-strategische-kommunikation-bei-der-kompass-group-agroker-xtb\/#breadcrumb\"},\"inLanguage\":\"en-GB\",\"potentialAction\":[{\"@type\":\"ReadAction\",\"target\":[\"https:\/\/www.news-kontor.de\/newskontor-uebernimmt-strategische-kommunikation-bei-der-kompass-group-agroker-xtb\/\"]}]},{\"@type\":\"ImageObject\",\"inLanguage\":\"en-GB\",\"@id\":\"https:\/\/www.news-kontor.de\/newskontor-uebernimmt-strategische-kommunikation-bei-der-kompass-group-agroker-xtb\/#primaryimage\",\"url\":\"https:\/\/www.news-kontor.de\/wp-content\/uploads\/2023\/10\/KompassGroup_1600x900px.jpg\",\"contentUrl\":\"https:\/\/www.news-kontor.de\/wp-content\/uploads\/2023\/10\/KompassGroup_1600x900px.jpg\",\"width\":1600,\"height\":900},{\"@type\":\"BreadcrumbList\",\"@id\":\"https:\/\/www.news-kontor.de\/newskontor-uebernimmt-strategische-kommunikation-bei-der-kompass-group-agroker-xtb\/#breadcrumb\",\"itemListElement\":[{\"@type\":\"ListItem\",\"position\":1,\"name\":\"Startseite\",\"item\":\"https:\/\/www.news-kontor.de\/\"},{\"@type\":\"ListItem\",\"position\":2,\"name\":\"newskontor \u00fcbernimmt strategische Kommunikation bei der Kompass Group AGroker XTB\"}]},{\"@type\":\"WebSite\",\"@id\":\"https:\/\/www.news-kontor.de\/#website\",\"url\":\"https:\/\/www.news-kontor.de\/\",\"name\":\"Newskontor\",\"description\":\"Agentur f\u00fcr Kommunikation\",\"potentialAction\":[{\"@type\":\"SearchAction\",\"target\":{\"@type\":\"EntryPoint\",\"urlTemplate\":\"https:\/\/www.news-kontor.de\/?s={search_term_string}\"},\"query-input\":{\"@type\":\"PropertyValueSpecification\",\"valueRequired\":true,\"valueName\":\"search_term_string\"}}],\"inLanguage\":\"en-GB\"},{\"@type\":\"Person\",\"@id\":\"https:\/\/www.news-kontor.de\/#\/schema\/person\/9f6e2e2623fa936b1112880ef16eccd5\",\"name\":\"Caro Erzberger\",\"url\":\"https:\/\/www.news-kontor.de\/en\/author\/caro\/\"}]}<\/script>\n<!-- \/ Yoast SEO plugin. -->","yoast_head_json":{"title":"newskontor \u00fcbernimmt strategische Kommunikation bei der Kompass Group AGroker XTB - Newskontor","robots":{"index":"index","follow":"follow","max-snippet":"max-snippet:-1","max-image-preview":"max-image-preview:large","max-video-preview":"max-video-preview:-1"},"canonical":"https:\/\/www.news-kontor.de\/en\/newskontor-uebernimmt-strategische-kommunikation-bei-der-kompass-group-agroker-xtb\/","og_locale":"en_GB","og_type":"article","og_title":"newskontor \u00fcbernimmt strategische Kommunikation bei der Kompass Group AGroker XTB - Newskontor","og_description":"D\u00fcsseldorfer Kommunikationsagentur ber\u00e4t das Karlsruher Insurtech in allen PR-Fragen. D\u00fcsseldorf, 02.10.2023 \u2013 Die Kommunikationsagentur newskontor unterst\u00fctzt und ber\u00e4t ab sofort das Karlsruher Insurtech Kompass Group AG in allen strategischen PR-Fragen. \u201eDie Kompass Group hat das Potenzial, mit ihrem innovativen Gesch\u00e4ftsmodell und ihrem dynamischen Team, die deutsche Versicherungsbranche nachhaltig zu ver\u00e4ndern\u201c, sagt Franz von den Driesch,&hellip;","og_url":"https:\/\/www.news-kontor.de\/en\/newskontor-uebernimmt-strategische-kommunikation-bei-der-kompass-group-agroker-xtb\/","og_site_name":"Newskontor","article_published_time":"2023-10-24T07:49:03+00:00","og_image":[{"width":1600,"height":900,"url":"https:\/\/www.news-kontor.de\/wp-content\/uploads\/2023\/10\/KompassGroup_1600x900px.jpg","type":"image\/jpeg"}],"author":"Caro Erzberger","twitter_card":"summary_large_image","twitter_misc":{"Written by":"Caro Erzberger","Estimated reading time":"2 minutes"},"schema":{"@context":"https:\/\/schema.org","@graph":[{"@type":"WebPage","@id":"https:\/\/www.news-kontor.de\/newskontor-uebernimmt-strategische-kommunikation-bei-der-kompass-group-agroker-xtb\/","url":"https:\/\/www.news-kontor.de\/newskontor-uebernimmt-strategische-kommunikation-bei-der-kompass-group-agroker-xtb\/","name":"newskontor \u00fcbernimmt strategische Kommunikation bei der Kompass Group AGroker XTB - Newskontor","isPartOf":{"@id":"https:\/\/www.news-kontor.de\/#website"},"primaryImageOfPage":{"@id":"https:\/\/www.news-kontor.de\/newskontor-uebernimmt-strategische-kommunikation-bei-der-kompass-group-agroker-xtb\/#primaryimage"},"image":{"@id":"https:\/\/www.news-kontor.de\/newskontor-uebernimmt-strategische-kommunikation-bei-der-kompass-group-agroker-xtb\/#primaryimage"},"thumbnailUrl":"https:\/\/www.news-kontor.de\/wp-content\/uploads\/2023\/10\/KompassGroup_1600x900px.jpg","datePublished":"2023-10-24T07:49:03+00:00","author":{"@id":"https:\/\/www.news-kontor.de\/#\/schema\/person\/9f6e2e2623fa936b1112880ef16eccd5"},"breadcrumb":{"@id":"https:\/\/www.news-kontor.de\/newskontor-uebernimmt-strategische-kommunikation-bei-der-kompass-group-agroker-xtb\/#breadcrumb"},"inLanguage":"en-GB","potentialAction":[{"@type":"ReadAction","target":["https:\/\/www.news-kontor.de\/newskontor-uebernimmt-strategische-kommunikation-bei-der-kompass-group-agroker-xtb\/"]}]},{"@type":"ImageObject","inLanguage":"en-GB","@id":"https:\/\/www.news-kontor.de\/newskontor-uebernimmt-strategische-kommunikation-bei-der-kompass-group-agroker-xtb\/#primaryimage","url":"https:\/\/www.news-kontor.de\/wp-content\/uploads\/2023\/10\/KompassGroup_1600x900px.jpg","contentUrl":"https:\/\/www.news-kontor.de\/wp-content\/uploads\/2023\/10\/KompassGroup_1600x900px.jpg","width":1600,"height":900},{"@type":"BreadcrumbList","@id":"https:\/\/www.news-kontor.de\/newskontor-uebernimmt-strategische-kommunikation-bei-der-kompass-group-agroker-xtb\/#breadcrumb","itemListElement":[{"@type":"ListItem","position":1,"name":"Startseite","item":"https:\/\/www.news-kontor.de\/"},{"@type":"ListItem","position":2,"name":"newskontor \u00fcbernimmt strategische Kommunikation bei der Kompass Group AGroker XTB"}]},{"@type":"WebSite","@id":"https:\/\/www.news-kontor.de\/#website","url":"https:\/\/www.news-kontor.de\/","name":"Newskontor","description":"Agency for Communication","potentialAction":[{"@type":"SearchAction","target":{"@type":"EntryPoint","urlTemplate":"https:\/\/www.news-kontor.de\/?s={search_term_string}"},"query-input":{"@type":"PropertyValueSpecification","valueRequired":true,"valueName":"search_term_string"}}],"inLanguage":"en-GB"},{"@type":"Person","@id":"https:\/\/www.news-kontor.de\/#\/schema\/person\/9f6e2e2623fa936b1112880ef16eccd5","name":"Caro Erzberger","url":"https:\/\/www.news-kontor.de\/en\/author\/caro\/"}]}},"_links":{"self":[{"href":"https:\/\/www.news-kontor.de\/en\/wp-json\/wp\/v2\/posts\/2799","targetHints":{"allow":["GET"]}}],"collection":[{"href":"https:\/\/www.news-kontor.de\/en\/wp-json\/wp\/v2\/posts"}],"about":[{"href":"https:\/\/www.news-kontor.de\/en\/wp-json\/wp\/v2\/types\/post"}],"author":[{"embeddable":true,"href":"https:\/\/www.news-kontor.de\/en\/wp-json\/wp\/v2\/users\/9"}],"replies":[{"embeddable":true,"href":"https:\/\/www.news-kontor.de\/en\/wp-json\/wp\/v2\/comments?post=2799"}],"version-history":[{"count":1,"href":"https:\/\/www.news-kontor.de\/en\/wp-json\/wp\/v2\/posts\/2799\/revisions"}],"predecessor-version":[{"id":2801,"href":"https:\/\/www.news-kontor.de\/en\/wp-json\/wp\/v2\/posts\/2799\/revisions\/2801"}],"wp:featuredmedia":[{"embeddable":true,"href":"https:\/\/www.news-kontor.de\/en\/wp-json\/wp\/v2\/media\/2800"}],"wp:attachment":[{"href":"https:\/\/www.news-kontor.de\/en\/wp-json\/wp\/v2\/media?parent=2799"}],"wp:term":[{"taxonomy":"category","embeddable":true,"href":"https:\/\/www.news-kontor.de\/en\/wp-json\/wp\/v2\/categories?post=2799"},{"taxonomy":"post_tag","embeddable":true,"href":"https:\/\/www.news-kontor.de\/en\/wp-json\/wp\/v2\/tags?post=2799"}],"curies":[{"name":"wp","href":"https:\/\/api.w.org\/{rel}","templated":true}]}}