{"id":2418,"date":"2022-05-11T10:29:04","date_gmt":"2022-05-11T08:29:04","guid":{"rendered":"https:\/\/www.news-kontor.de\/?p=2418"},"modified":"2022-05-11T10:57:52","modified_gmt":"2022-05-11T08:57:52","slug":"newskontor-holt-nachhaltigkeitsexperten-benedikt-hartmer-ins-team","status":"publish","type":"post","link":"https:\/\/www.news-kontor.de\/en\/newskontor-holt-nachhaltigkeitsexperten-benedikt-hartmer-ins-team\/","title":{"rendered":"newskontor holt Nachhaltigkeitsexperten Benedikt Hartmer ins Team"},"content":{"rendered":"<p><i>D\u00fcsseldorf, 11. Mai 2022<\/i> \u2013 Die D\u00fcsseldorfer PR-Agentur newskontor erweitert ihre Kompetenzen im Bereich Nachhaltigkeitskommunikation. Der erfahrene Kommunikator <a href=\"https:\/\/www.linkedin.com\/in\/benedikt-hartmer-92bb50136\/\">Benedikt Hartmer<\/a> unterst\u00fctzt das Team ab sofort als Senior PR Berater.<\/p>\n<p>Benedikt Hartmer verf\u00fcgt \u00fcber umfangreiche Erfahrungen in Public Relations. Nach ersten Stationen als Kommunikationsberater in einer Agentur und Referent in der Nahrung- und Genussmittelindustrie war er zuletzt in der Unternehmenskommunikation von METRO Deutschland t\u00e4tig. Dort konnte er seine Expertise in den Bereichen Strategiekommunikation, Social Media und Nachhaltigkeit auf- und ausbauen. Diese Kompetenzen wird er nun als Berater bei newskontor einsetzen. \u201eIch freue mich auf neue Themen und spannende Kunden in einem dynamischen Umfeld\u201c, sagt Benedikt Hartmer.<\/p>\n<p>Seine Kenntnisse wird Benedikt Hartmer bei newskontor insbesondere in den weiteren Ausbau der Sparte Nachhaltigkeitskommunikation einbringen. \u201eNachhaltigkeitsaspekte waren noch nie so relevant bei Kauf- und Anlageentscheidungen wie heute. Es ist eines der ganz gro\u00dfen Themen der Zukunft und es verlangt auch von der Kommunikation ein Umdenken: Unternehmen m\u00fcssen ihre Produkte und Services entsprechend darstellen\u201c, erl\u00e4utert Marco Cabras, Co-Founder und Managing Director von newskontor. \u201eDabei wollen wir unsere Kunden ad\u00e4quat unterst\u00fctzen. Wir sind froh mit Benedikt Hartmer einen erfahrenen Kommunikationsexperten gewonnen zu haben, der uns dabei enorm voranbringen wird.\u201c<\/p>\n<p>newskontor ist bereits seit mehreren Jahren im Bereich Nachhaltigkeitskommunikation aktiv. So hat die Agentur f\u00fcr den Wei\u00dfblech-Hersteller <a href=\"https:\/\/www.thyssenkrupp-steel.com\/de\/unternehmen\/business-units\/packaging-steel\/\">Thyssenkrupp-Rasselstein<\/a> eine umfassende <a href=\"https:\/\/www.weissblech-kommt-weiter.de\">Kampagne<\/a> aufgebaut, um Verbraucher \u00fcber die Recyclingf\u00e4higkeit und Nachhaltigkeit von Wei\u00dfblech aufzukl\u00e4ren.<\/p>","protected":false},"excerpt":{"rendered":"<p>D\u00fcsseldorf, 11. Mai 2022 \u2013 Die D\u00fcsseldorfer PR-Agentur newskontor erweitert ihre Kompetenzen im Bereich Nachhaltigkeitskommunikation. Der erfahrene Kommunikator Benedikt Hartmer unterst\u00fctzt das Team ab sofort als Senior PR Berater. Benedikt Hartmer verf\u00fcgt \u00fcber umfangreiche Erfahrungen in Public Relations. Nach ersten Stationen als Kommunikationsberater in einer Agentur und Referent in der Nahrung- und Genussmittelindustrie war er&hellip;<\/p>","protected":false},"author":2,"featured_media":2420,"comment_status":"closed","ping_status":"closed","sticky":false,"template":"","format":"standard","meta":{"footnotes":""},"categories":[1,30],"tags":[],"class_list":["post-2418","post","type-post","status-publish","format-standard","has-post-thumbnail","hentry","category-allgemein","category-news"],"yoast_head":"<!-- This site is optimized with the Yoast SEO plugin v25.9 - https:\/\/yoast.com\/wordpress\/plugins\/seo\/ -->\n<title>newskontor holt Nachhaltigkeitsexperten Benedikt Hartmer ins Team - Newskontor<\/title>\n<meta name=\"robots\" content=\"index, follow, max-snippet:-1, max-image-preview:large, max-video-preview:-1\" \/>\n<link rel=\"canonical\" href=\"https:\/\/www.news-kontor.de\/en\/newskontor-holt-nachhaltigkeitsexperten-benedikt-hartmer-ins-team\/\" \/>\n<meta property=\"og:locale\" content=\"en_GB\" \/>\n<meta property=\"og:type\" content=\"article\" \/>\n<meta property=\"og:title\" content=\"newskontor holt Nachhaltigkeitsexperten Benedikt Hartmer ins Team - Newskontor\" \/>\n<meta property=\"og:description\" content=\"D\u00fcsseldorf, 11. Mai 2022 \u2013 Die D\u00fcsseldorfer PR-Agentur newskontor erweitert ihre Kompetenzen im Bereich Nachhaltigkeitskommunikation. Der erfahrene Kommunikator Benedikt Hartmer unterst\u00fctzt das Team ab sofort als Senior PR Berater. Benedikt Hartmer verf\u00fcgt \u00fcber umfangreiche Erfahrungen in Public Relations. Nach ersten Stationen als Kommunikationsberater in einer Agentur und Referent in der Nahrung- und Genussmittelindustrie war er&hellip;\" \/>\n<meta property=\"og:url\" content=\"https:\/\/www.news-kontor.de\/en\/newskontor-holt-nachhaltigkeitsexperten-benedikt-hartmer-ins-team\/\" \/>\n<meta property=\"og:site_name\" content=\"Newskontor\" \/>\n<meta property=\"article:published_time\" content=\"2022-05-11T08:29:04+00:00\" \/>\n<meta property=\"article:modified_time\" content=\"2022-05-11T08:57:52+00:00\" \/>\n<meta property=\"og:image\" content=\"https:\/\/www.news-kontor.de\/wp-content\/uploads\/2022\/05\/Benedikt-Hartmer002.jpg\" \/>\n\t<meta property=\"og:image:width\" content=\"800\" \/>\n\t<meta property=\"og:image:height\" content=\"533\" \/>\n\t<meta property=\"og:image:type\" content=\"image\/jpeg\" \/>\n<meta name=\"author\" content=\"Newskontor Team\" \/>\n<meta name=\"twitter:card\" content=\"summary_large_image\" \/>\n<meta name=\"twitter:label1\" content=\"Written by\" \/>\n\t<meta name=\"twitter:data1\" content=\"Newskontor Team\" \/>\n\t<meta name=\"twitter:label2\" content=\"Estimated reading time\" \/>\n\t<meta name=\"twitter:data2\" content=\"2 minutes\" \/>\n<script type=\"application\/ld+json\" class=\"yoast-schema-graph\">{\"@context\":\"https:\/\/schema.org\",\"@graph\":[{\"@type\":\"WebPage\",\"@id\":\"https:\/\/www.news-kontor.de\/newskontor-holt-nachhaltigkeitsexperten-benedikt-hartmer-ins-team\/\",\"url\":\"https:\/\/www.news-kontor.de\/newskontor-holt-nachhaltigkeitsexperten-benedikt-hartmer-ins-team\/\",\"name\":\"newskontor holt Nachhaltigkeitsexperten Benedikt Hartmer ins Team - Newskontor\",\"isPartOf\":{\"@id\":\"https:\/\/www.news-kontor.de\/#website\"},\"primaryImageOfPage\":{\"@id\":\"https:\/\/www.news-kontor.de\/newskontor-holt-nachhaltigkeitsexperten-benedikt-hartmer-ins-team\/#primaryimage\"},\"image\":{\"@id\":\"https:\/\/www.news-kontor.de\/newskontor-holt-nachhaltigkeitsexperten-benedikt-hartmer-ins-team\/#primaryimage\"},\"thumbnailUrl\":\"https:\/\/www.news-kontor.de\/wp-content\/uploads\/2022\/05\/Benedikt-Hartmer002.jpg\",\"datePublished\":\"2022-05-11T08:29:04+00:00\",\"dateModified\":\"2022-05-11T08:57:52+00:00\",\"author\":{\"@id\":\"https:\/\/www.news-kontor.de\/#\/schema\/person\/8d6cb8283c45dd84859524aae8ed66a4\"},\"breadcrumb\":{\"@id\":\"https:\/\/www.news-kontor.de\/newskontor-holt-nachhaltigkeitsexperten-benedikt-hartmer-ins-team\/#breadcrumb\"},\"inLanguage\":\"en-GB\",\"potentialAction\":[{\"@type\":\"ReadAction\",\"target\":[\"https:\/\/www.news-kontor.de\/newskontor-holt-nachhaltigkeitsexperten-benedikt-hartmer-ins-team\/\"]}]},{\"@type\":\"ImageObject\",\"inLanguage\":\"en-GB\",\"@id\":\"https:\/\/www.news-kontor.de\/newskontor-holt-nachhaltigkeitsexperten-benedikt-hartmer-ins-team\/#primaryimage\",\"url\":\"https:\/\/www.news-kontor.de\/wp-content\/uploads\/2022\/05\/Benedikt-Hartmer002.jpg\",\"contentUrl\":\"https:\/\/www.news-kontor.de\/wp-content\/uploads\/2022\/05\/Benedikt-Hartmer002.jpg\",\"width\":800,\"height\":533},{\"@type\":\"BreadcrumbList\",\"@id\":\"https:\/\/www.news-kontor.de\/newskontor-holt-nachhaltigkeitsexperten-benedikt-hartmer-ins-team\/#breadcrumb\",\"itemListElement\":[{\"@type\":\"ListItem\",\"position\":1,\"name\":\"Startseite\",\"item\":\"https:\/\/www.news-kontor.de\/\"},{\"@type\":\"ListItem\",\"position\":2,\"name\":\"newskontor holt Nachhaltigkeitsexperten Benedikt Hartmer ins Team\"}]},{\"@type\":\"WebSite\",\"@id\":\"https:\/\/www.news-kontor.de\/#website\",\"url\":\"https:\/\/www.news-kontor.de\/\",\"name\":\"Newskontor\",\"description\":\"Agentur f\u00fcr Kommunikation\",\"potentialAction\":[{\"@type\":\"SearchAction\",\"target\":{\"@type\":\"EntryPoint\",\"urlTemplate\":\"https:\/\/www.news-kontor.de\/?s={search_term_string}\"},\"query-input\":{\"@type\":\"PropertyValueSpecification\",\"valueRequired\":true,\"valueName\":\"search_term_string\"}}],\"inLanguage\":\"en-GB\"},{\"@type\":\"Person\",\"@id\":\"https:\/\/www.news-kontor.de\/#\/schema\/person\/8d6cb8283c45dd84859524aae8ed66a4\",\"name\":\"Newskontor Team\",\"description\":\"Die newskontor GmbH ist eine Agentur f\u00fcr Kommunikation und betreut \u00fcberwiegend Kunden mit Bezug zum Kapitalmarkt.\",\"url\":\"https:\/\/www.news-kontor.de\/en\/author\/newskontor\/\"}]}<\/script>\n<!-- \/ Yoast SEO plugin. -->","yoast_head_json":{"title":"newskontor holt Nachhaltigkeitsexperten Benedikt Hartmer ins Team - Newskontor","robots":{"index":"index","follow":"follow","max-snippet":"max-snippet:-1","max-image-preview":"max-image-preview:large","max-video-preview":"max-video-preview:-1"},"canonical":"https:\/\/www.news-kontor.de\/en\/newskontor-holt-nachhaltigkeitsexperten-benedikt-hartmer-ins-team\/","og_locale":"en_GB","og_type":"article","og_title":"newskontor holt Nachhaltigkeitsexperten Benedikt Hartmer ins Team - Newskontor","og_description":"D\u00fcsseldorf, 11. Mai 2022 \u2013 Die D\u00fcsseldorfer PR-Agentur newskontor erweitert ihre Kompetenzen im Bereich Nachhaltigkeitskommunikation. Der erfahrene Kommunikator Benedikt Hartmer unterst\u00fctzt das Team ab sofort als Senior PR Berater. Benedikt Hartmer verf\u00fcgt \u00fcber umfangreiche Erfahrungen in Public Relations. Nach ersten Stationen als Kommunikationsberater in einer Agentur und Referent in der Nahrung- und Genussmittelindustrie war er&hellip;","og_url":"https:\/\/www.news-kontor.de\/en\/newskontor-holt-nachhaltigkeitsexperten-benedikt-hartmer-ins-team\/","og_site_name":"Newskontor","article_published_time":"2022-05-11T08:29:04+00:00","article_modified_time":"2022-05-11T08:57:52+00:00","og_image":[{"width":800,"height":533,"url":"https:\/\/www.news-kontor.de\/wp-content\/uploads\/2022\/05\/Benedikt-Hartmer002.jpg","type":"image\/jpeg"}],"author":"Newskontor Team","twitter_card":"summary_large_image","twitter_misc":{"Written by":"Newskontor Team","Estimated reading time":"2 minutes"},"schema":{"@context":"https:\/\/schema.org","@graph":[{"@type":"WebPage","@id":"https:\/\/www.news-kontor.de\/newskontor-holt-nachhaltigkeitsexperten-benedikt-hartmer-ins-team\/","url":"https:\/\/www.news-kontor.de\/newskontor-holt-nachhaltigkeitsexperten-benedikt-hartmer-ins-team\/","name":"newskontor holt Nachhaltigkeitsexperten Benedikt Hartmer ins Team - Newskontor","isPartOf":{"@id":"https:\/\/www.news-kontor.de\/#website"},"primaryImageOfPage":{"@id":"https:\/\/www.news-kontor.de\/newskontor-holt-nachhaltigkeitsexperten-benedikt-hartmer-ins-team\/#primaryimage"},"image":{"@id":"https:\/\/www.news-kontor.de\/newskontor-holt-nachhaltigkeitsexperten-benedikt-hartmer-ins-team\/#primaryimage"},"thumbnailUrl":"https:\/\/www.news-kontor.de\/wp-content\/uploads\/2022\/05\/Benedikt-Hartmer002.jpg","datePublished":"2022-05-11T08:29:04+00:00","dateModified":"2022-05-11T08:57:52+00:00","author":{"@id":"https:\/\/www.news-kontor.de\/#\/schema\/person\/8d6cb8283c45dd84859524aae8ed66a4"},"breadcrumb":{"@id":"https:\/\/www.news-kontor.de\/newskontor-holt-nachhaltigkeitsexperten-benedikt-hartmer-ins-team\/#breadcrumb"},"inLanguage":"en-GB","potentialAction":[{"@type":"ReadAction","target":["https:\/\/www.news-kontor.de\/newskontor-holt-nachhaltigkeitsexperten-benedikt-hartmer-ins-team\/"]}]},{"@type":"ImageObject","inLanguage":"en-GB","@id":"https:\/\/www.news-kontor.de\/newskontor-holt-nachhaltigkeitsexperten-benedikt-hartmer-ins-team\/#primaryimage","url":"https:\/\/www.news-kontor.de\/wp-content\/uploads\/2022\/05\/Benedikt-Hartmer002.jpg","contentUrl":"https:\/\/www.news-kontor.de\/wp-content\/uploads\/2022\/05\/Benedikt-Hartmer002.jpg","width":800,"height":533},{"@type":"BreadcrumbList","@id":"https:\/\/www.news-kontor.de\/newskontor-holt-nachhaltigkeitsexperten-benedikt-hartmer-ins-team\/#breadcrumb","itemListElement":[{"@type":"ListItem","position":1,"name":"Startseite","item":"https:\/\/www.news-kontor.de\/"},{"@type":"ListItem","position":2,"name":"newskontor holt Nachhaltigkeitsexperten Benedikt Hartmer ins Team"}]},{"@type":"WebSite","@id":"https:\/\/www.news-kontor.de\/#website","url":"https:\/\/www.news-kontor.de\/","name":"Newskontor","description":"Agency for Communication","potentialAction":[{"@type":"SearchAction","target":{"@type":"EntryPoint","urlTemplate":"https:\/\/www.news-kontor.de\/?s={search_term_string}"},"query-input":{"@type":"PropertyValueSpecification","valueRequired":true,"valueName":"search_term_string"}}],"inLanguage":"en-GB"},{"@type":"Person","@id":"https:\/\/www.news-kontor.de\/#\/schema\/person\/8d6cb8283c45dd84859524aae8ed66a4","name":"Newskontor Team","description":"Die newskontor GmbH ist eine Agentur f\u00fcr Kommunikation und betreut \u00fcberwiegend Kunden mit Bezug zum Kapitalmarkt.","url":"https:\/\/www.news-kontor.de\/en\/author\/newskontor\/"}]}},"_links":{"self":[{"href":"https:\/\/www.news-kontor.de\/en\/wp-json\/wp\/v2\/posts\/2418","targetHints":{"allow":["GET"]}}],"collection":[{"href":"https:\/\/www.news-kontor.de\/en\/wp-json\/wp\/v2\/posts"}],"about":[{"href":"https:\/\/www.news-kontor.de\/en\/wp-json\/wp\/v2\/types\/post"}],"author":[{"embeddable":true,"href":"https:\/\/www.news-kontor.de\/en\/wp-json\/wp\/v2\/users\/2"}],"replies":[{"embeddable":true,"href":"https:\/\/www.news-kontor.de\/en\/wp-json\/wp\/v2\/comments?post=2418"}],"version-history":[{"count":1,"href":"https:\/\/www.news-kontor.de\/en\/wp-json\/wp\/v2\/posts\/2418\/revisions"}],"predecessor-version":[{"id":2421,"href":"https:\/\/www.news-kontor.de\/en\/wp-json\/wp\/v2\/posts\/2418\/revisions\/2421"}],"wp:featuredmedia":[{"embeddable":true,"href":"https:\/\/www.news-kontor.de\/en\/wp-json\/wp\/v2\/media\/2420"}],"wp:attachment":[{"href":"https:\/\/www.news-kontor.de\/en\/wp-json\/wp\/v2\/media?parent=2418"}],"wp:term":[{"taxonomy":"category","embeddable":true,"href":"https:\/\/www.news-kontor.de\/en\/wp-json\/wp\/v2\/categories?post=2418"},{"taxonomy":"post_tag","embeddable":true,"href":"https:\/\/www.news-kontor.de\/en\/wp-json\/wp\/v2\/tags?post=2418"}],"curies":[{"name":"wp","href":"https:\/\/api.w.org\/{rel}","templated":true}]}}