{"id":2297,"date":"2021-12-20T10:09:48","date_gmt":"2021-12-20T09:09:48","guid":{"rendered":"https:\/\/www.news-kontor.de\/?p=2297"},"modified":"2022-04-07T09:32:56","modified_gmt":"2022-04-07T07:32:56","slug":"public-affairs-meets-public-relations-rud-pedersen-group-und-newskontor-gehen-weitgehende-strategische-partnerschaft-ein","status":"publish","type":"post","link":"https:\/\/www.news-kontor.de\/en\/public-affairs-meets-public-relations-rud-pedersen-group-und-newskontor-gehen-weitgehende-strategische-partnerschaft-ein\/","title":{"rendered":"Public Affairs meets Public Relations: Rud Pedersen Group und newskontor gehen weitgehende strategische Partnerschaft ein"},"content":{"rendered":"<p><strong>Berlin\/D\u00fcsseldorf, 09.12.2021<\/strong> \u2013Rud Pedersen Group, eine der f\u00fchrenden europ\u00e4ischen Public-Affairs-Beratungen und die Kommunikationsagentur newskontor b\u00fcndeln ihre Kr\u00e4fte im deutschsprachigen Raum und gehen eine weitgehende strategische Partnerschaft ein.<\/p>\n<p>Ziel der intensiven Zusammenarbeit ist es, f\u00fcr namhafte Kunden im deutschsprachigen Raum Mehrwerte zu heben. \u201eDie kommunikativen Aufgaben in vielen Bereichen werden immer komplexer und damit anspruchsvoller, etwa bei Themen wie Nachhaltigkeit, Digitalisierung oder auch Finanzmarktregulierung\u201c, erl\u00e4utert Hendrik Hagemann, Gesch\u00e4ftsf\u00fchrer der deutschen Niederlassung von Rud Pedersen in Berlin, \u201edie Disziplinen Public Affairs und Public Relations m\u00fcssen hier Hand in Hand arbeiten, um diese Herausforderungen bestm\u00f6glich zu bew\u00e4ltigen.\u201c Lange habe man daher analog zu Gro\u00dfbritannien auch f\u00fcr den deutschsprachigen Raum nach einer Partneragentur gesucht. \u201eMit newskontor haben wir nun den idealen Partner gefunden\u201c, freut sich Hagemann.<\/p>\n<p>newskontor und <a href=\"https:\/\/www.rudpedersen.com\">Rud Pedersen<\/a> starten ihre neue Kooperation sofort und arbeiten bei zwei Projekten im Bereich Finanzmarkt sowie E-Mobilit\u00e4t bereits f\u00fcr namhafte Kunden zusammen. \u201eDie Kommunikationswelt ver\u00e4ndert sich unglaublich rasant, st\u00e4ndig entstehen neue Kan\u00e4le und M\u00f6glichkeiten. Klassisches Denken in Silos macht insbesondere bei komplexen Themen \u00fcberhaupt keinen Sinn mehr. Entscheidend ist vielmehr, disziplin\u00fcbergreifend zusammenzuarbeiten, um f\u00fcr Kunden durch fundiertes Know-how und exakt synchronisierte Ma\u00dfnahmen das Beste zu erreichen. Genau das gelingt uns durch den Einsatz von Synergien hervorragend\u201c, so Marco Cabras, Co-Gr\u00fcnder und Gesch\u00e4ftsf\u00fchrer bei newskontor.<\/p>\n<p>Die beiden Firmen gehen dabei einen anderen Weg als gro\u00dfe Agenturnetzwerke und nutzen das Wissen des jeweiligen Partners je nach Bedarf und Anlass. \u201eWir arbeiten immer dann zusammen, wenn es sinnvoll ist, und kombinieren bew\u00e4hrte Expertise mit flachen Hierarchien, um perfekt zu arbeiten. Damit bieten wir die Flexibilit\u00e4t und Reaktionsschnelligkeit eines wendigen Schnellboots &#8211; damit k\u00f6nnte ein beh\u00e4biger Tanker nicht mithalten\u201c, erg\u00e4nzt Marco Cabras.<\/p>","protected":false},"excerpt":{"rendered":"<p>Berlin\/D\u00fcsseldorf, 09.12.2021 \u2013Rud Pedersen Group, eine der f\u00fchrenden europ\u00e4ischen Public-Affairs-Beratungen und die Kommunikationsagentur newskontor b\u00fcndeln ihre Kr\u00e4fte im deutschsprachigen Raum und gehen eine weitgehende strategische Partnerschaft ein. Ziel der intensiven Zusammenarbeit ist es, f\u00fcr namhafte Kunden im deutschsprachigen Raum Mehrwerte zu heben. \u201eDie kommunikativen Aufgaben in vielen Bereichen werden immer komplexer und damit anspruchsvoller, etwa&hellip;<\/p>","protected":false},"author":2,"featured_media":2300,"comment_status":"closed","ping_status":"closed","sticky":false,"template":"","format":"standard","meta":{"footnotes":""},"categories":[1,30],"tags":[],"class_list":["post-2297","post","type-post","status-publish","format-standard","has-post-thumbnail","hentry","category-allgemein","category-news"],"yoast_head":"<!-- This site is optimized with the Yoast SEO plugin v25.9 - https:\/\/yoast.com\/wordpress\/plugins\/seo\/ -->\n<title>Public Affairs meets Public Relations: Rud Pedersen Group und newskontor gehen weitgehende strategische Partnerschaft ein - Newskontor<\/title>\n<meta name=\"robots\" content=\"index, follow, max-snippet:-1, max-image-preview:large, max-video-preview:-1\" \/>\n<link rel=\"canonical\" href=\"https:\/\/www.news-kontor.de\/en\/public-affairs-meets-public-relations-rud-pedersen-group-und-newskontor-gehen-weitgehende-strategische-partnerschaft-ein\/\" \/>\n<meta property=\"og:locale\" content=\"en_GB\" \/>\n<meta property=\"og:type\" content=\"article\" \/>\n<meta property=\"og:title\" content=\"Public Affairs meets Public Relations: Rud Pedersen Group und newskontor gehen weitgehende strategische Partnerschaft ein - Newskontor\" \/>\n<meta property=\"og:description\" content=\"Berlin\/D\u00fcsseldorf, 09.12.2021 \u2013Rud Pedersen Group, eine der f\u00fchrenden europ\u00e4ischen Public-Affairs-Beratungen und die Kommunikationsagentur newskontor b\u00fcndeln ihre Kr\u00e4fte im deutschsprachigen Raum und gehen eine weitgehende strategische Partnerschaft ein. Ziel der intensiven Zusammenarbeit ist es, f\u00fcr namhafte Kunden im deutschsprachigen Raum Mehrwerte zu heben. \u201eDie kommunikativen Aufgaben in vielen Bereichen werden immer komplexer und damit anspruchsvoller, etwa&hellip;\" \/>\n<meta property=\"og:url\" content=\"https:\/\/www.news-kontor.de\/en\/public-affairs-meets-public-relations-rud-pedersen-group-und-newskontor-gehen-weitgehende-strategische-partnerschaft-ein\/\" \/>\n<meta property=\"og:site_name\" content=\"Newskontor\" \/>\n<meta property=\"article:published_time\" content=\"2021-12-20T09:09:48+00:00\" \/>\n<meta property=\"article:modified_time\" content=\"2022-04-07T07:32:56+00:00\" \/>\n<meta property=\"og:image\" content=\"https:\/\/www.news-kontor.de\/wp-content\/uploads\/2021\/12\/Rud_Pedersen_1600x900px.jpg\" \/>\n\t<meta property=\"og:image:width\" content=\"1600\" \/>\n\t<meta property=\"og:image:height\" content=\"900\" \/>\n\t<meta property=\"og:image:type\" content=\"image\/jpeg\" \/>\n<meta name=\"author\" content=\"Newskontor Team\" \/>\n<meta name=\"twitter:card\" content=\"summary_large_image\" \/>\n<meta name=\"twitter:label1\" content=\"Written by\" \/>\n\t<meta name=\"twitter:data1\" content=\"Newskontor Team\" \/>\n\t<meta name=\"twitter:label2\" content=\"Estimated reading time\" \/>\n\t<meta name=\"twitter:data2\" content=\"2 minutes\" \/>\n<script type=\"application\/ld+json\" class=\"yoast-schema-graph\">{\"@context\":\"https:\/\/schema.org\",\"@graph\":[{\"@type\":\"WebPage\",\"@id\":\"https:\/\/www.news-kontor.de\/public-affairs-meets-public-relations-rud-pedersen-group-und-newskontor-gehen-weitgehende-strategische-partnerschaft-ein\/\",\"url\":\"https:\/\/www.news-kontor.de\/public-affairs-meets-public-relations-rud-pedersen-group-und-newskontor-gehen-weitgehende-strategische-partnerschaft-ein\/\",\"name\":\"Public Affairs meets Public Relations: Rud Pedersen Group und newskontor gehen weitgehende strategische Partnerschaft ein - Newskontor\",\"isPartOf\":{\"@id\":\"https:\/\/www.news-kontor.de\/#website\"},\"primaryImageOfPage\":{\"@id\":\"https:\/\/www.news-kontor.de\/public-affairs-meets-public-relations-rud-pedersen-group-und-newskontor-gehen-weitgehende-strategische-partnerschaft-ein\/#primaryimage\"},\"image\":{\"@id\":\"https:\/\/www.news-kontor.de\/public-affairs-meets-public-relations-rud-pedersen-group-und-newskontor-gehen-weitgehende-strategische-partnerschaft-ein\/#primaryimage\"},\"thumbnailUrl\":\"https:\/\/www.news-kontor.de\/wp-content\/uploads\/2021\/12\/Rud_Pedersen_1600x900px.jpg\",\"datePublished\":\"2021-12-20T09:09:48+00:00\",\"dateModified\":\"2022-04-07T07:32:56+00:00\",\"author\":{\"@id\":\"https:\/\/www.news-kontor.de\/#\/schema\/person\/8d6cb8283c45dd84859524aae8ed66a4\"},\"breadcrumb\":{\"@id\":\"https:\/\/www.news-kontor.de\/public-affairs-meets-public-relations-rud-pedersen-group-und-newskontor-gehen-weitgehende-strategische-partnerschaft-ein\/#breadcrumb\"},\"inLanguage\":\"en-GB\",\"potentialAction\":[{\"@type\":\"ReadAction\",\"target\":[\"https:\/\/www.news-kontor.de\/public-affairs-meets-public-relations-rud-pedersen-group-und-newskontor-gehen-weitgehende-strategische-partnerschaft-ein\/\"]}]},{\"@type\":\"ImageObject\",\"inLanguage\":\"en-GB\",\"@id\":\"https:\/\/www.news-kontor.de\/public-affairs-meets-public-relations-rud-pedersen-group-und-newskontor-gehen-weitgehende-strategische-partnerschaft-ein\/#primaryimage\",\"url\":\"https:\/\/www.news-kontor.de\/wp-content\/uploads\/2021\/12\/Rud_Pedersen_1600x900px.jpg\",\"contentUrl\":\"https:\/\/www.news-kontor.de\/wp-content\/uploads\/2021\/12\/Rud_Pedersen_1600x900px.jpg\",\"width\":1600,\"height\":900},{\"@type\":\"BreadcrumbList\",\"@id\":\"https:\/\/www.news-kontor.de\/public-affairs-meets-public-relations-rud-pedersen-group-und-newskontor-gehen-weitgehende-strategische-partnerschaft-ein\/#breadcrumb\",\"itemListElement\":[{\"@type\":\"ListItem\",\"position\":1,\"name\":\"Startseite\",\"item\":\"https:\/\/www.news-kontor.de\/\"},{\"@type\":\"ListItem\",\"position\":2,\"name\":\"Public Affairs meets Public Relations: Rud Pedersen Group und newskontor gehen weitgehende strategische Partnerschaft ein\"}]},{\"@type\":\"WebSite\",\"@id\":\"https:\/\/www.news-kontor.de\/#website\",\"url\":\"https:\/\/www.news-kontor.de\/\",\"name\":\"Newskontor\",\"description\":\"Agentur f\u00fcr Kommunikation\",\"potentialAction\":[{\"@type\":\"SearchAction\",\"target\":{\"@type\":\"EntryPoint\",\"urlTemplate\":\"https:\/\/www.news-kontor.de\/?s={search_term_string}\"},\"query-input\":{\"@type\":\"PropertyValueSpecification\",\"valueRequired\":true,\"valueName\":\"search_term_string\"}}],\"inLanguage\":\"en-GB\"},{\"@type\":\"Person\",\"@id\":\"https:\/\/www.news-kontor.de\/#\/schema\/person\/8d6cb8283c45dd84859524aae8ed66a4\",\"name\":\"Newskontor Team\",\"description\":\"Die newskontor GmbH ist eine Agentur f\u00fcr Kommunikation und betreut \u00fcberwiegend Kunden mit Bezug zum Kapitalmarkt.\",\"url\":\"https:\/\/www.news-kontor.de\/en\/author\/newskontor\/\"}]}<\/script>\n<!-- \/ Yoast SEO plugin. -->","yoast_head_json":{"title":"Public Affairs meets Public Relations: Rud Pedersen Group und newskontor gehen weitgehende strategische Partnerschaft ein - Newskontor","robots":{"index":"index","follow":"follow","max-snippet":"max-snippet:-1","max-image-preview":"max-image-preview:large","max-video-preview":"max-video-preview:-1"},"canonical":"https:\/\/www.news-kontor.de\/en\/public-affairs-meets-public-relations-rud-pedersen-group-und-newskontor-gehen-weitgehende-strategische-partnerschaft-ein\/","og_locale":"en_GB","og_type":"article","og_title":"Public Affairs meets Public Relations: Rud Pedersen Group und newskontor gehen weitgehende strategische Partnerschaft ein - Newskontor","og_description":"Berlin\/D\u00fcsseldorf, 09.12.2021 \u2013Rud Pedersen Group, eine der f\u00fchrenden europ\u00e4ischen Public-Affairs-Beratungen und die Kommunikationsagentur newskontor b\u00fcndeln ihre Kr\u00e4fte im deutschsprachigen Raum und gehen eine weitgehende strategische Partnerschaft ein. Ziel der intensiven Zusammenarbeit ist es, f\u00fcr namhafte Kunden im deutschsprachigen Raum Mehrwerte zu heben. \u201eDie kommunikativen Aufgaben in vielen Bereichen werden immer komplexer und damit anspruchsvoller, etwa&hellip;","og_url":"https:\/\/www.news-kontor.de\/en\/public-affairs-meets-public-relations-rud-pedersen-group-und-newskontor-gehen-weitgehende-strategische-partnerschaft-ein\/","og_site_name":"Newskontor","article_published_time":"2021-12-20T09:09:48+00:00","article_modified_time":"2022-04-07T07:32:56+00:00","og_image":[{"width":1600,"height":900,"url":"https:\/\/www.news-kontor.de\/wp-content\/uploads\/2021\/12\/Rud_Pedersen_1600x900px.jpg","type":"image\/jpeg"}],"author":"Newskontor Team","twitter_card":"summary_large_image","twitter_misc":{"Written by":"Newskontor Team","Estimated reading time":"2 minutes"},"schema":{"@context":"https:\/\/schema.org","@graph":[{"@type":"WebPage","@id":"https:\/\/www.news-kontor.de\/public-affairs-meets-public-relations-rud-pedersen-group-und-newskontor-gehen-weitgehende-strategische-partnerschaft-ein\/","url":"https:\/\/www.news-kontor.de\/public-affairs-meets-public-relations-rud-pedersen-group-und-newskontor-gehen-weitgehende-strategische-partnerschaft-ein\/","name":"Public Affairs meets Public Relations: Rud Pedersen Group und newskontor gehen weitgehende strategische Partnerschaft ein - Newskontor","isPartOf":{"@id":"https:\/\/www.news-kontor.de\/#website"},"primaryImageOfPage":{"@id":"https:\/\/www.news-kontor.de\/public-affairs-meets-public-relations-rud-pedersen-group-und-newskontor-gehen-weitgehende-strategische-partnerschaft-ein\/#primaryimage"},"image":{"@id":"https:\/\/www.news-kontor.de\/public-affairs-meets-public-relations-rud-pedersen-group-und-newskontor-gehen-weitgehende-strategische-partnerschaft-ein\/#primaryimage"},"thumbnailUrl":"https:\/\/www.news-kontor.de\/wp-content\/uploads\/2021\/12\/Rud_Pedersen_1600x900px.jpg","datePublished":"2021-12-20T09:09:48+00:00","dateModified":"2022-04-07T07:32:56+00:00","author":{"@id":"https:\/\/www.news-kontor.de\/#\/schema\/person\/8d6cb8283c45dd84859524aae8ed66a4"},"breadcrumb":{"@id":"https:\/\/www.news-kontor.de\/public-affairs-meets-public-relations-rud-pedersen-group-und-newskontor-gehen-weitgehende-strategische-partnerschaft-ein\/#breadcrumb"},"inLanguage":"en-GB","potentialAction":[{"@type":"ReadAction","target":["https:\/\/www.news-kontor.de\/public-affairs-meets-public-relations-rud-pedersen-group-und-newskontor-gehen-weitgehende-strategische-partnerschaft-ein\/"]}]},{"@type":"ImageObject","inLanguage":"en-GB","@id":"https:\/\/www.news-kontor.de\/public-affairs-meets-public-relations-rud-pedersen-group-und-newskontor-gehen-weitgehende-strategische-partnerschaft-ein\/#primaryimage","url":"https:\/\/www.news-kontor.de\/wp-content\/uploads\/2021\/12\/Rud_Pedersen_1600x900px.jpg","contentUrl":"https:\/\/www.news-kontor.de\/wp-content\/uploads\/2021\/12\/Rud_Pedersen_1600x900px.jpg","width":1600,"height":900},{"@type":"BreadcrumbList","@id":"https:\/\/www.news-kontor.de\/public-affairs-meets-public-relations-rud-pedersen-group-und-newskontor-gehen-weitgehende-strategische-partnerschaft-ein\/#breadcrumb","itemListElement":[{"@type":"ListItem","position":1,"name":"Startseite","item":"https:\/\/www.news-kontor.de\/"},{"@type":"ListItem","position":2,"name":"Public Affairs meets Public Relations: Rud Pedersen Group und newskontor gehen weitgehende strategische Partnerschaft ein"}]},{"@type":"WebSite","@id":"https:\/\/www.news-kontor.de\/#website","url":"https:\/\/www.news-kontor.de\/","name":"Newskontor","description":"Agency for Communication","potentialAction":[{"@type":"SearchAction","target":{"@type":"EntryPoint","urlTemplate":"https:\/\/www.news-kontor.de\/?s={search_term_string}"},"query-input":{"@type":"PropertyValueSpecification","valueRequired":true,"valueName":"search_term_string"}}],"inLanguage":"en-GB"},{"@type":"Person","@id":"https:\/\/www.news-kontor.de\/#\/schema\/person\/8d6cb8283c45dd84859524aae8ed66a4","name":"Newskontor Team","description":"Die newskontor GmbH ist eine Agentur f\u00fcr Kommunikation und betreut \u00fcberwiegend Kunden mit Bezug zum Kapitalmarkt.","url":"https:\/\/www.news-kontor.de\/en\/author\/newskontor\/"}]}},"_links":{"self":[{"href":"https:\/\/www.news-kontor.de\/en\/wp-json\/wp\/v2\/posts\/2297","targetHints":{"allow":["GET"]}}],"collection":[{"href":"https:\/\/www.news-kontor.de\/en\/wp-json\/wp\/v2\/posts"}],"about":[{"href":"https:\/\/www.news-kontor.de\/en\/wp-json\/wp\/v2\/types\/post"}],"author":[{"embeddable":true,"href":"https:\/\/www.news-kontor.de\/en\/wp-json\/wp\/v2\/users\/2"}],"replies":[{"embeddable":true,"href":"https:\/\/www.news-kontor.de\/en\/wp-json\/wp\/v2\/comments?post=2297"}],"version-history":[{"count":1,"href":"https:\/\/www.news-kontor.de\/en\/wp-json\/wp\/v2\/posts\/2297\/revisions"}],"predecessor-version":[{"id":2299,"href":"https:\/\/www.news-kontor.de\/en\/wp-json\/wp\/v2\/posts\/2297\/revisions\/2299"}],"wp:featuredmedia":[{"embeddable":true,"href":"https:\/\/www.news-kontor.de\/en\/wp-json\/wp\/v2\/media\/2300"}],"wp:attachment":[{"href":"https:\/\/www.news-kontor.de\/en\/wp-json\/wp\/v2\/media?parent=2297"}],"wp:term":[{"taxonomy":"category","embeddable":true,"href":"https:\/\/www.news-kontor.de\/en\/wp-json\/wp\/v2\/categories?post=2297"},{"taxonomy":"post_tag","embeddable":true,"href":"https:\/\/www.news-kontor.de\/en\/wp-json\/wp\/v2\/tags?post=2297"}],"curies":[{"name":"wp","href":"https:\/\/api.w.org\/{rel}","templated":true}]}}