{"id":2091,"date":"2021-05-27T11:56:24","date_gmt":"2021-05-27T09:56:24","guid":{"rendered":"https:\/\/www.news-kontor.de\/?p=2091"},"modified":"2021-07-20T09:46:41","modified_gmt":"2021-07-20T07:46:41","slug":"newskontor-heuert-marco-dalan-an-und-baut-seine-kompetenz-in-den-themenfeldern-china-und-maschinenbau-weiter-aus","status":"publish","type":"post","link":"https:\/\/www.news-kontor.de\/en\/newskontor-heuert-marco-dalan-an-und-baut-seine-kompetenz-in-den-themenfeldern-china-und-maschinenbau-weiter-aus\/","title":{"rendered":"Newskontor heuert Marco Dalan an und baut seine Kompetenz in den  Themenfeldern \u201eChina\u201c und \u201eMaschinenbau\u201c weiter aus"},"content":{"rendered":"<p>&nbsp;<\/p>\n<p><strong><a href=\"https:\/\/www.news-kontor.de\/wp-content\/uploads\/2021\/05\/Marco-Dalan-Beitrag.jpg\"><img loading=\"lazy\" decoding=\"async\" class=\"wp-image-2109 alignleft\" src=\"https:\/\/www.news-kontor.de\/wp-content\/uploads\/2021\/05\/Marco-Dalan-Beitrag.jpg\" alt=\"\" width=\"190\" height=\"238\" srcset=\"https:\/\/www.news-kontor.de\/wp-content\/uploads\/2021\/05\/Marco-Dalan-Beitrag.jpg 260w, https:\/\/www.news-kontor.de\/wp-content\/uploads\/2021\/05\/Marco-Dalan-Beitrag-240x300.jpg 240w\" sizes=\"auto, (max-width: 190px) 100vw, 190px\" \/><\/a>D\u00fcsseldorf, 27. Mai 2021<\/strong> \u2013 Die in D\u00fcsseldorf beheimatete PR-Agentur newskontor verst\u00e4rkt ihr Engagement und ihre Kompetenz in den Themenfeldern \u201eAutomotive\u201c, \u201eMaschinenbau\u201c und \u201eChina\u201c weiter und holt sich einen weiteren ausgewiesenen PR-Experten an Bord. Ab sofort verst\u00e4rkt Marco Dalan das Team der Agentur als Senior Advisor.<\/p>\n<p>Mit Marco Dalan gewinnt newskontor einen erfahrenen Journalisten und Kommunikator, der \u00fcber langj\u00e4hrige Erfahrungen und ein gro\u00dfes Netzwerk in den beiden Themenfeldern verf\u00fcgt: So war Marco Dalan mehr als 15 Jahre bei der \u00fcberregionalen Tageszeitung \u201eDIE WELT\u201c als Wirtschaftsredakteur und -korrespondent unter anderem in Berlin, Stuttgart und D\u00fcsseldorf t\u00e4tig. Im Jahr 2011 wechselte er als Sprecher Finanzen sowie sp\u00e4ter auch Nutzfahrzeuge zum Volkswagen-Konzern nach Wolfsburg. Nach vier Jahren \u00fcbernahm er Mitte 2015 die Leitung der weltweiten Kommunikation des Automobilherstellers Borgward Group AG in Stuttgart. Nach einer Zwischenstation beim weltweit f\u00fchrenden Werkzeugmaschinen Hersteller DMG MORI in Bielefeld macht er nun mit dem Wechsel zu newskontor den n\u00e4chsten Schritt. \u201eIch freue mich sehr auf die neue Herausforderung und die Chance, den erfolgreichen Weg von newskontor nun mitbegleiten und -gestalten zu d\u00fcrfen\u201c, sagt Marco Dalan.<\/p>\n<p>Bei newskontor soll Marco Dalan seine Expertise insbesondere in den weiteren Ausbau der drei Themenfelder, insb. die PR-Beratung und Betreuung chinesischer Unternehmen in Deutschland und deutscher Unternehmen in China federf\u00fchrend einbringen. \u201eDer Stellenwert der chinesischen Wirtschaft ist immens. Das deutsche und chinesische Firmen miteinander handeln oder verflochten sind, ist l\u00e4ngst Alltag. Doch auf der PR-Seite muss noch viel Aufbauarbeit geleistet werden. Wir wollen unsere Kompetenz im Bereich Reputations- und Marken-PR beidseitig weiter ausbauen. Deshalb bin ich sehr stolz, dass wir mit Marco Dalan einen hochkar\u00e4tigen Experten gewonnen haben, der \u00fcber weitreichende Kenntnisse und jahrelange Erfahrung verf\u00fcgt\u201c, erl\u00e4utert Marco Cabras, Co-Founder und Managing Director von newskontor.<\/p>\n<p>In den vergangenen Jahren hat sich die Agentur Know-how im Bereich der deutsch-chinesischen Wirtschaft aufgebaut und betreut unter anderem mit dem Technologiekonzern faytech, einen in China ans\u00e4ssigen global operierenden B2B-touchscreen-Spezialisten mit deutschen Wurzeln.<\/p>","protected":false},"excerpt":{"rendered":"<p>&nbsp; D\u00fcsseldorf, 27. Mai 2021 \u2013 Die in D\u00fcsseldorf beheimatete PR-Agentur newskontor verst\u00e4rkt ihr Engagement und ihre Kompetenz in den Themenfeldern \u201eAutomotive\u201c, \u201eMaschinenbau\u201c und \u201eChina\u201c weiter und holt sich einen weiteren ausgewiesenen PR-Experten an Bord. Ab sofort verst\u00e4rkt Marco Dalan das Team der Agentur als Senior Advisor. Mit Marco Dalan gewinnt newskontor einen erfahrenen Journalisten&hellip;<\/p>","protected":false},"author":9,"featured_media":2093,"comment_status":"closed","ping_status":"closed","sticky":false,"template":"","format":"standard","meta":{"footnotes":""},"categories":[1,30],"tags":[],"class_list":["post-2091","post","type-post","status-publish","format-standard","has-post-thumbnail","hentry","category-allgemein","category-news"],"yoast_head":"<!-- This site is optimized with the Yoast SEO plugin v25.9 - https:\/\/yoast.com\/wordpress\/plugins\/seo\/ -->\n<title>Newskontor heuert Marco Dalan an und baut seine Kompetenz in den Themenfeldern \u201eChina\u201c und \u201eMaschinenbau\u201c weiter aus - Newskontor<\/title>\n<meta name=\"robots\" content=\"index, follow, max-snippet:-1, max-image-preview:large, max-video-preview:-1\" \/>\n<link rel=\"canonical\" href=\"https:\/\/www.news-kontor.de\/en\/newskontor-heuert-marco-dalan-an-und-baut-seine-kompetenz-in-den-themenfeldern-china-und-maschinenbau-weiter-aus\/\" \/>\n<meta property=\"og:locale\" content=\"en_GB\" \/>\n<meta property=\"og:type\" content=\"article\" \/>\n<meta property=\"og:title\" content=\"Newskontor heuert Marco Dalan an und baut seine Kompetenz in den Themenfeldern \u201eChina\u201c und \u201eMaschinenbau\u201c weiter aus - Newskontor\" \/>\n<meta property=\"og:description\" content=\"&nbsp; D\u00fcsseldorf, 27. Mai 2021 \u2013 Die in D\u00fcsseldorf beheimatete PR-Agentur newskontor verst\u00e4rkt ihr Engagement und ihre Kompetenz in den Themenfeldern \u201eAutomotive\u201c, \u201eMaschinenbau\u201c und \u201eChina\u201c weiter und holt sich einen weiteren ausgewiesenen PR-Experten an Bord. Ab sofort verst\u00e4rkt Marco Dalan das Team der Agentur als Senior Advisor. Mit Marco Dalan gewinnt newskontor einen erfahrenen Journalisten&hellip;\" \/>\n<meta property=\"og:url\" content=\"https:\/\/www.news-kontor.de\/en\/newskontor-heuert-marco-dalan-an-und-baut-seine-kompetenz-in-den-themenfeldern-china-und-maschinenbau-weiter-aus\/\" \/>\n<meta property=\"og:site_name\" content=\"Newskontor\" \/>\n<meta property=\"article:published_time\" content=\"2021-05-27T09:56:24+00:00\" \/>\n<meta property=\"article:modified_time\" content=\"2021-07-20T07:46:41+00:00\" \/>\n<meta property=\"og:image\" content=\"https:\/\/www.news-kontor.de\/wp-content\/uploads\/2021\/05\/newskontor_1600x900px-570x321-1.jpg\" \/>\n\t<meta property=\"og:image:width\" content=\"570\" \/>\n\t<meta property=\"og:image:height\" content=\"321\" \/>\n\t<meta property=\"og:image:type\" content=\"image\/jpeg\" \/>\n<meta name=\"author\" content=\"Caro Erzberger\" \/>\n<meta name=\"twitter:card\" content=\"summary_large_image\" \/>\n<meta name=\"twitter:label1\" content=\"Written by\" \/>\n\t<meta name=\"twitter:data1\" content=\"Caro Erzberger\" \/>\n\t<meta name=\"twitter:label2\" content=\"Estimated reading time\" \/>\n\t<meta name=\"twitter:data2\" content=\"2 minutes\" \/>\n<script type=\"application\/ld+json\" class=\"yoast-schema-graph\">{\"@context\":\"https:\/\/schema.org\",\"@graph\":[{\"@type\":\"WebPage\",\"@id\":\"https:\/\/www.news-kontor.de\/newskontor-heuert-marco-dalan-an-und-baut-seine-kompetenz-in-den-themenfeldern-china-und-maschinenbau-weiter-aus\/\",\"url\":\"https:\/\/www.news-kontor.de\/newskontor-heuert-marco-dalan-an-und-baut-seine-kompetenz-in-den-themenfeldern-china-und-maschinenbau-weiter-aus\/\",\"name\":\"Newskontor heuert Marco Dalan an und baut seine Kompetenz in den Themenfeldern \u201eChina\u201c und \u201eMaschinenbau\u201c weiter aus - Newskontor\",\"isPartOf\":{\"@id\":\"https:\/\/www.news-kontor.de\/#website\"},\"primaryImageOfPage\":{\"@id\":\"https:\/\/www.news-kontor.de\/newskontor-heuert-marco-dalan-an-und-baut-seine-kompetenz-in-den-themenfeldern-china-und-maschinenbau-weiter-aus\/#primaryimage\"},\"image\":{\"@id\":\"https:\/\/www.news-kontor.de\/newskontor-heuert-marco-dalan-an-und-baut-seine-kompetenz-in-den-themenfeldern-china-und-maschinenbau-weiter-aus\/#primaryimage\"},\"thumbnailUrl\":\"https:\/\/www.news-kontor.de\/wp-content\/uploads\/2021\/05\/newskontor_1600x900px-570x321-1.jpg\",\"datePublished\":\"2021-05-27T09:56:24+00:00\",\"dateModified\":\"2021-07-20T07:46:41+00:00\",\"author\":{\"@id\":\"https:\/\/www.news-kontor.de\/#\/schema\/person\/9f6e2e2623fa936b1112880ef16eccd5\"},\"breadcrumb\":{\"@id\":\"https:\/\/www.news-kontor.de\/newskontor-heuert-marco-dalan-an-und-baut-seine-kompetenz-in-den-themenfeldern-china-und-maschinenbau-weiter-aus\/#breadcrumb\"},\"inLanguage\":\"en-GB\",\"potentialAction\":[{\"@type\":\"ReadAction\",\"target\":[\"https:\/\/www.news-kontor.de\/newskontor-heuert-marco-dalan-an-und-baut-seine-kompetenz-in-den-themenfeldern-china-und-maschinenbau-weiter-aus\/\"]}]},{\"@type\":\"ImageObject\",\"inLanguage\":\"en-GB\",\"@id\":\"https:\/\/www.news-kontor.de\/newskontor-heuert-marco-dalan-an-und-baut-seine-kompetenz-in-den-themenfeldern-china-und-maschinenbau-weiter-aus\/#primaryimage\",\"url\":\"https:\/\/www.news-kontor.de\/wp-content\/uploads\/2021\/05\/newskontor_1600x900px-570x321-1.jpg\",\"contentUrl\":\"https:\/\/www.news-kontor.de\/wp-content\/uploads\/2021\/05\/newskontor_1600x900px-570x321-1.jpg\",\"width\":570,\"height\":321},{\"@type\":\"BreadcrumbList\",\"@id\":\"https:\/\/www.news-kontor.de\/newskontor-heuert-marco-dalan-an-und-baut-seine-kompetenz-in-den-themenfeldern-china-und-maschinenbau-weiter-aus\/#breadcrumb\",\"itemListElement\":[{\"@type\":\"ListItem\",\"position\":1,\"name\":\"Startseite\",\"item\":\"https:\/\/www.news-kontor.de\/\"},{\"@type\":\"ListItem\",\"position\":2,\"name\":\"Newskontor heuert Marco Dalan an und baut seine Kompetenz in den Themenfeldern \u201eChina\u201c und \u201eMaschinenbau\u201c weiter aus\"}]},{\"@type\":\"WebSite\",\"@id\":\"https:\/\/www.news-kontor.de\/#website\",\"url\":\"https:\/\/www.news-kontor.de\/\",\"name\":\"Newskontor\",\"description\":\"Agentur f\u00fcr Kommunikation\",\"potentialAction\":[{\"@type\":\"SearchAction\",\"target\":{\"@type\":\"EntryPoint\",\"urlTemplate\":\"https:\/\/www.news-kontor.de\/?s={search_term_string}\"},\"query-input\":{\"@type\":\"PropertyValueSpecification\",\"valueRequired\":true,\"valueName\":\"search_term_string\"}}],\"inLanguage\":\"en-GB\"},{\"@type\":\"Person\",\"@id\":\"https:\/\/www.news-kontor.de\/#\/schema\/person\/9f6e2e2623fa936b1112880ef16eccd5\",\"name\":\"Caro Erzberger\",\"url\":\"https:\/\/www.news-kontor.de\/en\/author\/caro\/\"}]}<\/script>\n<!-- \/ Yoast SEO plugin. -->","yoast_head_json":{"title":"Newskontor heuert Marco Dalan an und baut seine Kompetenz in den Themenfeldern \u201eChina\u201c und \u201eMaschinenbau\u201c weiter aus - Newskontor","robots":{"index":"index","follow":"follow","max-snippet":"max-snippet:-1","max-image-preview":"max-image-preview:large","max-video-preview":"max-video-preview:-1"},"canonical":"https:\/\/www.news-kontor.de\/en\/newskontor-heuert-marco-dalan-an-und-baut-seine-kompetenz-in-den-themenfeldern-china-und-maschinenbau-weiter-aus\/","og_locale":"en_GB","og_type":"article","og_title":"Newskontor heuert Marco Dalan an und baut seine Kompetenz in den Themenfeldern \u201eChina\u201c und \u201eMaschinenbau\u201c weiter aus - Newskontor","og_description":"&nbsp; D\u00fcsseldorf, 27. Mai 2021 \u2013 Die in D\u00fcsseldorf beheimatete PR-Agentur newskontor verst\u00e4rkt ihr Engagement und ihre Kompetenz in den Themenfeldern \u201eAutomotive\u201c, \u201eMaschinenbau\u201c und \u201eChina\u201c weiter und holt sich einen weiteren ausgewiesenen PR-Experten an Bord. Ab sofort verst\u00e4rkt Marco Dalan das Team der Agentur als Senior Advisor. Mit Marco Dalan gewinnt newskontor einen erfahrenen Journalisten&hellip;","og_url":"https:\/\/www.news-kontor.de\/en\/newskontor-heuert-marco-dalan-an-und-baut-seine-kompetenz-in-den-themenfeldern-china-und-maschinenbau-weiter-aus\/","og_site_name":"Newskontor","article_published_time":"2021-05-27T09:56:24+00:00","article_modified_time":"2021-07-20T07:46:41+00:00","og_image":[{"width":570,"height":321,"url":"https:\/\/www.news-kontor.de\/wp-content\/uploads\/2021\/05\/newskontor_1600x900px-570x321-1.jpg","type":"image\/jpeg"}],"author":"Caro Erzberger","twitter_card":"summary_large_image","twitter_misc":{"Written by":"Caro Erzberger","Estimated reading time":"2 minutes"},"schema":{"@context":"https:\/\/schema.org","@graph":[{"@type":"WebPage","@id":"https:\/\/www.news-kontor.de\/newskontor-heuert-marco-dalan-an-und-baut-seine-kompetenz-in-den-themenfeldern-china-und-maschinenbau-weiter-aus\/","url":"https:\/\/www.news-kontor.de\/newskontor-heuert-marco-dalan-an-und-baut-seine-kompetenz-in-den-themenfeldern-china-und-maschinenbau-weiter-aus\/","name":"Newskontor heuert Marco Dalan an und baut seine Kompetenz in den Themenfeldern \u201eChina\u201c und \u201eMaschinenbau\u201c weiter aus - Newskontor","isPartOf":{"@id":"https:\/\/www.news-kontor.de\/#website"},"primaryImageOfPage":{"@id":"https:\/\/www.news-kontor.de\/newskontor-heuert-marco-dalan-an-und-baut-seine-kompetenz-in-den-themenfeldern-china-und-maschinenbau-weiter-aus\/#primaryimage"},"image":{"@id":"https:\/\/www.news-kontor.de\/newskontor-heuert-marco-dalan-an-und-baut-seine-kompetenz-in-den-themenfeldern-china-und-maschinenbau-weiter-aus\/#primaryimage"},"thumbnailUrl":"https:\/\/www.news-kontor.de\/wp-content\/uploads\/2021\/05\/newskontor_1600x900px-570x321-1.jpg","datePublished":"2021-05-27T09:56:24+00:00","dateModified":"2021-07-20T07:46:41+00:00","author":{"@id":"https:\/\/www.news-kontor.de\/#\/schema\/person\/9f6e2e2623fa936b1112880ef16eccd5"},"breadcrumb":{"@id":"https:\/\/www.news-kontor.de\/newskontor-heuert-marco-dalan-an-und-baut-seine-kompetenz-in-den-themenfeldern-china-und-maschinenbau-weiter-aus\/#breadcrumb"},"inLanguage":"en-GB","potentialAction":[{"@type":"ReadAction","target":["https:\/\/www.news-kontor.de\/newskontor-heuert-marco-dalan-an-und-baut-seine-kompetenz-in-den-themenfeldern-china-und-maschinenbau-weiter-aus\/"]}]},{"@type":"ImageObject","inLanguage":"en-GB","@id":"https:\/\/www.news-kontor.de\/newskontor-heuert-marco-dalan-an-und-baut-seine-kompetenz-in-den-themenfeldern-china-und-maschinenbau-weiter-aus\/#primaryimage","url":"https:\/\/www.news-kontor.de\/wp-content\/uploads\/2021\/05\/newskontor_1600x900px-570x321-1.jpg","contentUrl":"https:\/\/www.news-kontor.de\/wp-content\/uploads\/2021\/05\/newskontor_1600x900px-570x321-1.jpg","width":570,"height":321},{"@type":"BreadcrumbList","@id":"https:\/\/www.news-kontor.de\/newskontor-heuert-marco-dalan-an-und-baut-seine-kompetenz-in-den-themenfeldern-china-und-maschinenbau-weiter-aus\/#breadcrumb","itemListElement":[{"@type":"ListItem","position":1,"name":"Startseite","item":"https:\/\/www.news-kontor.de\/"},{"@type":"ListItem","position":2,"name":"Newskontor heuert Marco Dalan an und baut seine Kompetenz in den Themenfeldern \u201eChina\u201c und \u201eMaschinenbau\u201c weiter aus"}]},{"@type":"WebSite","@id":"https:\/\/www.news-kontor.de\/#website","url":"https:\/\/www.news-kontor.de\/","name":"Newskontor","description":"Agency for Communication","potentialAction":[{"@type":"SearchAction","target":{"@type":"EntryPoint","urlTemplate":"https:\/\/www.news-kontor.de\/?s={search_term_string}"},"query-input":{"@type":"PropertyValueSpecification","valueRequired":true,"valueName":"search_term_string"}}],"inLanguage":"en-GB"},{"@type":"Person","@id":"https:\/\/www.news-kontor.de\/#\/schema\/person\/9f6e2e2623fa936b1112880ef16eccd5","name":"Caro Erzberger","url":"https:\/\/www.news-kontor.de\/en\/author\/caro\/"}]}},"_links":{"self":[{"href":"https:\/\/www.news-kontor.de\/en\/wp-json\/wp\/v2\/posts\/2091","targetHints":{"allow":["GET"]}}],"collection":[{"href":"https:\/\/www.news-kontor.de\/en\/wp-json\/wp\/v2\/posts"}],"about":[{"href":"https:\/\/www.news-kontor.de\/en\/wp-json\/wp\/v2\/types\/post"}],"author":[{"embeddable":true,"href":"https:\/\/www.news-kontor.de\/en\/wp-json\/wp\/v2\/users\/9"}],"replies":[{"embeddable":true,"href":"https:\/\/www.news-kontor.de\/en\/wp-json\/wp\/v2\/comments?post=2091"}],"version-history":[{"count":19,"href":"https:\/\/www.news-kontor.de\/en\/wp-json\/wp\/v2\/posts\/2091\/revisions"}],"predecessor-version":[{"id":2112,"href":"https:\/\/www.news-kontor.de\/en\/wp-json\/wp\/v2\/posts\/2091\/revisions\/2112"}],"wp:featuredmedia":[{"embeddable":true,"href":"https:\/\/www.news-kontor.de\/en\/wp-json\/wp\/v2\/media\/2093"}],"wp:attachment":[{"href":"https:\/\/www.news-kontor.de\/en\/wp-json\/wp\/v2\/media?parent=2091"}],"wp:term":[{"taxonomy":"category","embeddable":true,"href":"https:\/\/www.news-kontor.de\/en\/wp-json\/wp\/v2\/categories?post=2091"},{"taxonomy":"post_tag","embeddable":true,"href":"https:\/\/www.news-kontor.de\/en\/wp-json\/wp\/v2\/tags?post=2091"}],"curies":[{"name":"wp","href":"https:\/\/api.w.org\/{rel}","templated":true}]}}