{"id":2004,"date":"2021-02-11T09:53:09","date_gmt":"2021-02-11T08:53:09","guid":{"rendered":"https:\/\/www.news-kontor.de\/?p=2004"},"modified":"2021-02-11T11:04:06","modified_gmt":"2021-02-11T10:04:06","slug":"newskontor-unterstuetzt-cfd-verband-in-kommunikationsfragen","status":"publish","type":"post","link":"https:\/\/www.news-kontor.de\/en\/newskontor-unterstuetzt-cfd-verband-in-kommunikationsfragen\/","title":{"rendered":"newskontor unterst\u00fctzt CFD-Verband in Kommunikationsfragen"},"content":{"rendered":"<p><strong>D\u00fcsseldorf, 11. Februar 2021<\/strong> \u2013\u00a0Die PR-Agentur newskontor ber\u00e4t zuk\u00fcnftig den <a href=\"https:\/\/www.cfdverband.de\">Contracts for Difference Verband e.V. (CFD-Verband)<\/a> in Fragen der Kommunikation. Der CFD-Verband ist die zentrale Interessenvertretung der auf den Handel mit Differenzkontrakten (CFDs) spezialisierten Dienstleister in Deutschland. Eine vorrangige Aufgabe des Verbands ist es neben der B\u00fcndelung der Stimmen der Emittenten sinnvolle Standards und Qualit\u00e4tskriterien f\u00fcr die Branche festzulegen.<\/p>\n<p>\u201eWir freuen uns sehr, den CFD-Verband bei seiner Kommunikation unterst\u00fctzen zu k\u00f6nnen, steht er doch f\u00fcr Innovationen im Finanzbereich, die auch im Sinne der Kunden, sprich der Anleger sind\u201c, erkl\u00e4rt Marco Cabras, Gesch\u00e4ftsf\u00fchrer der newskontor GmbH. Beim Verband hat man sich aus mehreren Gr\u00fcnden f\u00fcr die D\u00fcsseldorfer entschieden. \u201eUnsere Wahl ist auf newskontor gefallen, da wir zum einen von der Expertise der Agentur im Bereich Finanzen \u00fcberzeugt sind und sie zum anderen bereits \u00fcber eine umfassende Erfahrung in der Verbandsarbeit verf\u00fcgt\u201c, erl\u00e4utert Rafael Neustadt, Gesch\u00e4ftsf\u00fchrer des CFD-Verbands.<span class=\"Apple-converted-space\">\u00a0<\/span><\/p>\n<p>Der CFD-Verband hat sich unter anderem zum Ziel gesetzt, die Transparenz in der Branche sowie den Anlegerschutz zu st\u00e4rken. \u201eDer Verband bietet einige interessante Ansatzpunkte f\u00fcr die Kommunikation, so leistet er einen wichtigen Beitrag zur Verbesserung der Investmentkultur in Deutschland\u201c, erkl\u00e4rt newskontor-Gesch\u00e4ftsf\u00fchrer Marco Cabras. Neben der Attraktivit\u00e4t des Finanzinstruments CFDs seien es vor allem seine Aktivit\u00e4ten, mit denen der Verband seine Ziele unterstreiche: \u201eMit dem CFD-Kodex entwickelt der Verband eine eigene Richtlinie, zu deren Einhaltung die Mitglieder verpflichtet sind \u2013 das ist nur eines der Beispiele daf\u00fcr, wie konsequent der Verband seine Ziele verfolgt. Auf diese Konsequenz wollen wir bei der Kommunikation ein besonderes Augenmerk legen\u201c, so der newskontor-Gesch\u00e4ftsf\u00fchrer weiter.<span class=\"Apple-converted-space\">\u00a0<\/span><\/p>\n<p>Zu weiteren Kunden von newskontor im Verbandsbereich geh\u00f6rt derzeit etwa der <a href=\"https:\/\/kreditplattformen.de\">Verband deutscher Kreditplattformen (VdK)<\/a>.<\/p>","protected":false},"excerpt":{"rendered":"<p>D\u00fcsseldorf, 11. Februar 2021 \u2013\u00a0Die PR-Agentur newskontor ber\u00e4t zuk\u00fcnftig den Contracts for Difference Verband e.V. (CFD-Verband) in Fragen der Kommunikation. Der CFD-Verband ist die zentrale Interessenvertretung der auf den Handel mit Differenzkontrakten (CFDs) spezialisierten Dienstleister in Deutschland. Eine vorrangige Aufgabe des Verbands ist es neben der B\u00fcndelung der Stimmen der Emittenten sinnvolle Standards und Qualit\u00e4tskriterien&hellip;<\/p>","protected":false},"author":9,"featured_media":2008,"comment_status":"closed","ping_status":"closed","sticky":false,"template":"","format":"standard","meta":{"footnotes":""},"categories":[1,30],"tags":[],"class_list":["post-2004","post","type-post","status-publish","format-standard","has-post-thumbnail","hentry","category-allgemein","category-news"],"yoast_head":"<!-- This site is optimized with the Yoast SEO plugin v25.9 - https:\/\/yoast.com\/wordpress\/plugins\/seo\/ -->\n<title>newskontor unterst\u00fctzt CFD-Verband in Kommunikationsfragen - Newskontor<\/title>\n<meta name=\"robots\" content=\"index, follow, max-snippet:-1, max-image-preview:large, max-video-preview:-1\" \/>\n<link rel=\"canonical\" href=\"https:\/\/www.news-kontor.de\/en\/newskontor-unterstuetzt-cfd-verband-in-kommunikationsfragen\/\" \/>\n<meta property=\"og:locale\" content=\"en_GB\" \/>\n<meta property=\"og:type\" content=\"article\" \/>\n<meta property=\"og:title\" content=\"newskontor unterst\u00fctzt CFD-Verband in Kommunikationsfragen - Newskontor\" \/>\n<meta property=\"og:description\" content=\"D\u00fcsseldorf, 11. Februar 2021 \u2013\u00a0Die PR-Agentur newskontor ber\u00e4t zuk\u00fcnftig den Contracts for Difference Verband e.V. (CFD-Verband) in Fragen der Kommunikation. Der CFD-Verband ist die zentrale Interessenvertretung der auf den Handel mit Differenzkontrakten (CFDs) spezialisierten Dienstleister in Deutschland. Eine vorrangige Aufgabe des Verbands ist es neben der B\u00fcndelung der Stimmen der Emittenten sinnvolle Standards und Qualit\u00e4tskriterien&hellip;\" \/>\n<meta property=\"og:url\" content=\"https:\/\/www.news-kontor.de\/en\/newskontor-unterstuetzt-cfd-verband-in-kommunikationsfragen\/\" \/>\n<meta property=\"og:site_name\" content=\"Newskontor\" \/>\n<meta property=\"article:published_time\" content=\"2021-02-11T08:53:09+00:00\" \/>\n<meta property=\"article:modified_time\" content=\"2021-02-11T10:04:06+00:00\" \/>\n<meta property=\"og:image\" content=\"https:\/\/www.news-kontor.de\/wp-content\/uploads\/2021\/02\/CFD-Verband-570x321-1.png\" \/>\n\t<meta property=\"og:image:width\" content=\"570\" \/>\n\t<meta property=\"og:image:height\" content=\"321\" \/>\n\t<meta property=\"og:image:type\" content=\"image\/png\" \/>\n<meta name=\"author\" content=\"Caro Erzberger\" \/>\n<meta name=\"twitter:card\" content=\"summary_large_image\" \/>\n<meta name=\"twitter:label1\" content=\"Written by\" \/>\n\t<meta name=\"twitter:data1\" content=\"Caro Erzberger\" \/>\n\t<meta name=\"twitter:label2\" content=\"Estimated reading time\" \/>\n\t<meta name=\"twitter:data2\" content=\"1 minute\" \/>\n<script type=\"application\/ld+json\" class=\"yoast-schema-graph\">{\"@context\":\"https:\/\/schema.org\",\"@graph\":[{\"@type\":\"WebPage\",\"@id\":\"https:\/\/www.news-kontor.de\/newskontor-unterstuetzt-cfd-verband-in-kommunikationsfragen\/\",\"url\":\"https:\/\/www.news-kontor.de\/newskontor-unterstuetzt-cfd-verband-in-kommunikationsfragen\/\",\"name\":\"newskontor unterst\u00fctzt CFD-Verband in Kommunikationsfragen - Newskontor\",\"isPartOf\":{\"@id\":\"https:\/\/www.news-kontor.de\/#website\"},\"primaryImageOfPage\":{\"@id\":\"https:\/\/www.news-kontor.de\/newskontor-unterstuetzt-cfd-verband-in-kommunikationsfragen\/#primaryimage\"},\"image\":{\"@id\":\"https:\/\/www.news-kontor.de\/newskontor-unterstuetzt-cfd-verband-in-kommunikationsfragen\/#primaryimage\"},\"thumbnailUrl\":\"https:\/\/www.news-kontor.de\/wp-content\/uploads\/2021\/02\/CFD-Verband-570x321-1.png\",\"datePublished\":\"2021-02-11T08:53:09+00:00\",\"dateModified\":\"2021-02-11T10:04:06+00:00\",\"author\":{\"@id\":\"https:\/\/www.news-kontor.de\/#\/schema\/person\/9f6e2e2623fa936b1112880ef16eccd5\"},\"breadcrumb\":{\"@id\":\"https:\/\/www.news-kontor.de\/newskontor-unterstuetzt-cfd-verband-in-kommunikationsfragen\/#breadcrumb\"},\"inLanguage\":\"en-GB\",\"potentialAction\":[{\"@type\":\"ReadAction\",\"target\":[\"https:\/\/www.news-kontor.de\/newskontor-unterstuetzt-cfd-verband-in-kommunikationsfragen\/\"]}]},{\"@type\":\"ImageObject\",\"inLanguage\":\"en-GB\",\"@id\":\"https:\/\/www.news-kontor.de\/newskontor-unterstuetzt-cfd-verband-in-kommunikationsfragen\/#primaryimage\",\"url\":\"https:\/\/www.news-kontor.de\/wp-content\/uploads\/2021\/02\/CFD-Verband-570x321-1.png\",\"contentUrl\":\"https:\/\/www.news-kontor.de\/wp-content\/uploads\/2021\/02\/CFD-Verband-570x321-1.png\",\"width\":570,\"height\":321},{\"@type\":\"BreadcrumbList\",\"@id\":\"https:\/\/www.news-kontor.de\/newskontor-unterstuetzt-cfd-verband-in-kommunikationsfragen\/#breadcrumb\",\"itemListElement\":[{\"@type\":\"ListItem\",\"position\":1,\"name\":\"Startseite\",\"item\":\"https:\/\/www.news-kontor.de\/\"},{\"@type\":\"ListItem\",\"position\":2,\"name\":\"newskontor unterst\u00fctzt CFD-Verband in Kommunikationsfragen\"}]},{\"@type\":\"WebSite\",\"@id\":\"https:\/\/www.news-kontor.de\/#website\",\"url\":\"https:\/\/www.news-kontor.de\/\",\"name\":\"Newskontor\",\"description\":\"Agentur f\u00fcr Kommunikation\",\"potentialAction\":[{\"@type\":\"SearchAction\",\"target\":{\"@type\":\"EntryPoint\",\"urlTemplate\":\"https:\/\/www.news-kontor.de\/?s={search_term_string}\"},\"query-input\":{\"@type\":\"PropertyValueSpecification\",\"valueRequired\":true,\"valueName\":\"search_term_string\"}}],\"inLanguage\":\"en-GB\"},{\"@type\":\"Person\",\"@id\":\"https:\/\/www.news-kontor.de\/#\/schema\/person\/9f6e2e2623fa936b1112880ef16eccd5\",\"name\":\"Caro Erzberger\",\"url\":\"https:\/\/www.news-kontor.de\/en\/author\/caro\/\"}]}<\/script>\n<!-- \/ Yoast SEO plugin. -->","yoast_head_json":{"title":"newskontor unterst\u00fctzt CFD-Verband in Kommunikationsfragen - Newskontor","robots":{"index":"index","follow":"follow","max-snippet":"max-snippet:-1","max-image-preview":"max-image-preview:large","max-video-preview":"max-video-preview:-1"},"canonical":"https:\/\/www.news-kontor.de\/en\/newskontor-unterstuetzt-cfd-verband-in-kommunikationsfragen\/","og_locale":"en_GB","og_type":"article","og_title":"newskontor unterst\u00fctzt CFD-Verband in Kommunikationsfragen - Newskontor","og_description":"D\u00fcsseldorf, 11. Februar 2021 \u2013\u00a0Die PR-Agentur newskontor ber\u00e4t zuk\u00fcnftig den Contracts for Difference Verband e.V. (CFD-Verband) in Fragen der Kommunikation. Der CFD-Verband ist die zentrale Interessenvertretung der auf den Handel mit Differenzkontrakten (CFDs) spezialisierten Dienstleister in Deutschland. Eine vorrangige Aufgabe des Verbands ist es neben der B\u00fcndelung der Stimmen der Emittenten sinnvolle Standards und Qualit\u00e4tskriterien&hellip;","og_url":"https:\/\/www.news-kontor.de\/en\/newskontor-unterstuetzt-cfd-verband-in-kommunikationsfragen\/","og_site_name":"Newskontor","article_published_time":"2021-02-11T08:53:09+00:00","article_modified_time":"2021-02-11T10:04:06+00:00","og_image":[{"width":570,"height":321,"url":"https:\/\/www.news-kontor.de\/wp-content\/uploads\/2021\/02\/CFD-Verband-570x321-1.png","type":"image\/png"}],"author":"Caro Erzberger","twitter_card":"summary_large_image","twitter_misc":{"Written by":"Caro Erzberger","Estimated reading time":"1 minute"},"schema":{"@context":"https:\/\/schema.org","@graph":[{"@type":"WebPage","@id":"https:\/\/www.news-kontor.de\/newskontor-unterstuetzt-cfd-verband-in-kommunikationsfragen\/","url":"https:\/\/www.news-kontor.de\/newskontor-unterstuetzt-cfd-verband-in-kommunikationsfragen\/","name":"newskontor unterst\u00fctzt CFD-Verband in Kommunikationsfragen - Newskontor","isPartOf":{"@id":"https:\/\/www.news-kontor.de\/#website"},"primaryImageOfPage":{"@id":"https:\/\/www.news-kontor.de\/newskontor-unterstuetzt-cfd-verband-in-kommunikationsfragen\/#primaryimage"},"image":{"@id":"https:\/\/www.news-kontor.de\/newskontor-unterstuetzt-cfd-verband-in-kommunikationsfragen\/#primaryimage"},"thumbnailUrl":"https:\/\/www.news-kontor.de\/wp-content\/uploads\/2021\/02\/CFD-Verband-570x321-1.png","datePublished":"2021-02-11T08:53:09+00:00","dateModified":"2021-02-11T10:04:06+00:00","author":{"@id":"https:\/\/www.news-kontor.de\/#\/schema\/person\/9f6e2e2623fa936b1112880ef16eccd5"},"breadcrumb":{"@id":"https:\/\/www.news-kontor.de\/newskontor-unterstuetzt-cfd-verband-in-kommunikationsfragen\/#breadcrumb"},"inLanguage":"en-GB","potentialAction":[{"@type":"ReadAction","target":["https:\/\/www.news-kontor.de\/newskontor-unterstuetzt-cfd-verband-in-kommunikationsfragen\/"]}]},{"@type":"ImageObject","inLanguage":"en-GB","@id":"https:\/\/www.news-kontor.de\/newskontor-unterstuetzt-cfd-verband-in-kommunikationsfragen\/#primaryimage","url":"https:\/\/www.news-kontor.de\/wp-content\/uploads\/2021\/02\/CFD-Verband-570x321-1.png","contentUrl":"https:\/\/www.news-kontor.de\/wp-content\/uploads\/2021\/02\/CFD-Verband-570x321-1.png","width":570,"height":321},{"@type":"BreadcrumbList","@id":"https:\/\/www.news-kontor.de\/newskontor-unterstuetzt-cfd-verband-in-kommunikationsfragen\/#breadcrumb","itemListElement":[{"@type":"ListItem","position":1,"name":"Startseite","item":"https:\/\/www.news-kontor.de\/"},{"@type":"ListItem","position":2,"name":"newskontor unterst\u00fctzt CFD-Verband in Kommunikationsfragen"}]},{"@type":"WebSite","@id":"https:\/\/www.news-kontor.de\/#website","url":"https:\/\/www.news-kontor.de\/","name":"Newskontor","description":"Agency for Communication","potentialAction":[{"@type":"SearchAction","target":{"@type":"EntryPoint","urlTemplate":"https:\/\/www.news-kontor.de\/?s={search_term_string}"},"query-input":{"@type":"PropertyValueSpecification","valueRequired":true,"valueName":"search_term_string"}}],"inLanguage":"en-GB"},{"@type":"Person","@id":"https:\/\/www.news-kontor.de\/#\/schema\/person\/9f6e2e2623fa936b1112880ef16eccd5","name":"Caro Erzberger","url":"https:\/\/www.news-kontor.de\/en\/author\/caro\/"}]}},"_links":{"self":[{"href":"https:\/\/www.news-kontor.de\/en\/wp-json\/wp\/v2\/posts\/2004","targetHints":{"allow":["GET"]}}],"collection":[{"href":"https:\/\/www.news-kontor.de\/en\/wp-json\/wp\/v2\/posts"}],"about":[{"href":"https:\/\/www.news-kontor.de\/en\/wp-json\/wp\/v2\/types\/post"}],"author":[{"embeddable":true,"href":"https:\/\/www.news-kontor.de\/en\/wp-json\/wp\/v2\/users\/9"}],"replies":[{"embeddable":true,"href":"https:\/\/www.news-kontor.de\/en\/wp-json\/wp\/v2\/comments?post=2004"}],"version-history":[{"count":2,"href":"https:\/\/www.news-kontor.de\/en\/wp-json\/wp\/v2\/posts\/2004\/revisions"}],"predecessor-version":[{"id":2009,"href":"https:\/\/www.news-kontor.de\/en\/wp-json\/wp\/v2\/posts\/2004\/revisions\/2009"}],"wp:featuredmedia":[{"embeddable":true,"href":"https:\/\/www.news-kontor.de\/en\/wp-json\/wp\/v2\/media\/2008"}],"wp:attachment":[{"href":"https:\/\/www.news-kontor.de\/en\/wp-json\/wp\/v2\/media?parent=2004"}],"wp:term":[{"taxonomy":"category","embeddable":true,"href":"https:\/\/www.news-kontor.de\/en\/wp-json\/wp\/v2\/categories?post=2004"},{"taxonomy":"post_tag","embeddable":true,"href":"https:\/\/www.news-kontor.de\/en\/wp-json\/wp\/v2\/tags?post=2004"}],"curies":[{"name":"wp","href":"https:\/\/api.w.org\/{rel}","templated":true}]}}